{"id":106,"date":"2008-01-29T06:37:24","date_gmt":"2008-01-29T11:37:24","guid":{"rendered":"http:\/\/guyboulet.net\/wp\/?p=106"},"modified":"2008-01-29T06:37:24","modified_gmt":"2008-01-29T11:37:24","slug":"les-diffnces-grationnelles-ont-elle-un-impact-sur-lapprentissage","status":"publish","type":"post","link":"https:\/\/guyboulet.net\/wp\/?p=106","title":{"rendered":"Les diff\u00e9rences interg\u00e9n\u00e9rationnelles on-t-elles un impact sur l&#8217;apprentissage"},"content":{"rendered":"<p>Document tr\u00e8s int\u00e9ressant de <a href=\"http:\/\/it.coe.uga.edu\/~treeves\/\" target=\"_blank\">Thomas C. Reeves<\/a>, professeur \u00e0 <a href=\"http:\/\/www.uga.edu\/\" target=\"_blank\">University of Georgia<\/a>: <a href=\"http:\/\/it.coe.uga.edu\/itforum\/Paper104\/ReevesITForumJan08.pdf\" target=\"_blank\">Do Generational Differences Matter in Instructional Design<\/a>.<\/p>\n<p>On y indique qu&#8217;il y a un consensus ches les chercheurs \u00e0 l&#8217;effet qu&#8217;il n&#8217;y a pas de diff\u00e9rence g\u00e9n\u00e9rationnelle g\u00e9n\u00e9ralis\u00e9e m\u00e9ritant consid\u00e9ration en milieu de travail et en d&#8217;autres contextes comme l&#8217;enseignement sup\u00e9rieur. Il y a bien des diff\u00e9rences au niveau des attitudes, des habitudes de travail et de la motivation entre les g\u00e9n\u00e9rations, tout comme il y a des diff\u00e9rences au niveau de l&#8217;\u00e9quilibre entre le travail et la famille entre les sexes. Toutefois, on ne peut supposer du comportement d&#8217;un individu en se basant uniquement \u00e0 son appartenance \u00e0 une g\u00e9n\u00e9ration.<\/p>\n<p>La principale question abord\u00e9e dans ce document est de savoir si la diff\u00e9rence g\u00e9n\u00e9rationnelle est une variable suffisamment importante pour \u00eatre prise en consid\u00e9ration lors de la conception de formation ou de l&#8217;utilisation de technologies \u00e9ducatives diff\u00e9rentes. Actuellement, le poids des \u00e9vidences est n\u00e9gatif. Les diff\u00e9rences g\u00e9n\u00e9rationnelles sont \u00e9videntes dans les milieux de travail, mais elles ne le sont pas suffisamment pour exiger une conception p\u00e9dagogique ou une m\u00e9thode d&#8217;enseignement diff\u00e9rentes. <\/p>\n<p>\u00c0 la lumi\u00e8re de la faiblesse des diff\u00e9rences g\u00e9n\u00e9rationnelles, il n&#8217;y a donc pas lieu de mettre des efforts pour \u00e9laborer diff\u00e9rentes strat\u00e9gies de formations en fonction de chaque g\u00e9n\u00e9ration. Plut\u00f4t que de se demander si les Boomers, les X ou les Y vont mieux apprendre d&#8217;une formation traditionnelle ou d&#8217;un jeu en r\u00e9alit\u00e9 virtuelle, les concepteurs p\u00e9dagogiques et les technop\u00e9dagogues, en collaboration avec les experts de contenu, devraient identifier les besoins d&#8217;un groupe d&#8217;apprenant, peut importe leur \u00e2ge ou leur sexe, concevoir le meilleur prototype possible et proc\u00e9der \u00e0 des \u00e9valuations it\u00e9ratives pour rafiner et adapter la solution aux besoins g\u00e9n\u00e9raux du groupe.<\/p>\n<p>J&#8217;appuie cette approche car peu importe l&#8217;\u00e2ge, la t\u00e2che demeure la m\u00eame et le meilleure fa\u00e7on de rendre l&#8217;apprentissage efficace est de rapprocher les conditions de la formation de celles du travail. Plus la formation sera r\u00e9aliste, mieux l&#8217;apprenant assimilera les concepts et meilleure sera la r\u00e9tention.<\/p>\n","protected":false},"excerpt":{"rendered":"<p>Document tr\u00e8s int\u00e9ressant de Thomas C. Reeves, professeur \u00e0 University of Georgia: Do Generational Differences Matter in Instructional Design. On y indique qu&#8217;il y a un consensus ches les chercheurs \u00e0 l&#8217;effet qu&#8217;il n&#8217;y a pas de diff\u00e9rence g\u00e9n\u00e9rationnelle g\u00e9n\u00e9ralis\u00e9e&hellip;<\/p>\n<p class=\"more-link-p\"><a class=\"more-link\" href=\"https:\/\/guyboulet.net\/wp\/?p=106\">Read more &rarr;<\/a><\/p>\n","protected":false},"author":1,"featured_media":0,"comment_status":"open","ping_status":"open","sticky":false,"template":"","format":"standard","meta":{"footnotes":""},"categories":[10],"tags":[],"class_list":["post-106","post","type-post","status-publish","format-standard","hentry","category-c3-monblog"],"_links":{"self":[{"href":"https:\/\/guyboulet.net\/wp\/index.php?rest_route=\/wp\/v2\/posts\/106","targetHints":{"allow":["GET"]}}],"collection":[{"href":"https:\/\/guyboulet.net\/wp\/index.php?rest_route=\/wp\/v2\/posts"}],"about":[{"href":"https:\/\/guyboulet.net\/wp\/index.php?rest_route=\/wp\/v2\/types\/post"}],"author":[{"embeddable":true,"href":"https:\/\/guyboulet.net\/wp\/index.php?rest_route=\/wp\/v2\/users\/1"}],"replies":[{"embeddable":true,"href":"https:\/\/guyboulet.net\/wp\/index.php?rest_route=%2Fwp%2Fv2%2Fcomments&post=106"}],"version-history":[{"count":0,"href":"https:\/\/guyboulet.net\/wp\/index.php?rest_route=\/wp\/v2\/posts\/106\/revisions"}],"wp:attachment":[{"href":"https:\/\/guyboulet.net\/wp\/index.php?rest_route=%2Fwp%2Fv2%2Fmedia&parent=106"}],"wp:term":[{"taxonomy":"category","embeddable":true,"href":"https:\/\/guyboulet.net\/wp\/index.php?rest_route=%2Fwp%2Fv2%2Fcategories&post=106"},{"taxonomy":"post_tag","embeddable":true,"href":"https:\/\/guyboulet.net\/wp\/index.php?rest_route=%2Fwp%2Fv2%2Ftags&post=106"}],"curies":[{"name":"wp","href":"https:\/\/api.w.org\/{rel}","templated":true}]}}