{"id":142,"date":"2008-04-30T05:00:00","date_gmt":"2008-04-30T09:00:00","guid":{"rendered":"http:\/\/guyboulet.net\/wp\/?p=142"},"modified":"2008-04-30T05:00:00","modified_gmt":"2008-04-30T09:00:00","slug":"rapport-sur-la-formation-liau-travail","status":"publish","type":"post","link":"https:\/\/guyboulet.net\/wp\/?p=142","title":{"rendered":"Rapport sur la formation li\u00e9e au travail"},"content":{"rendered":"<p><strong><a href=\"http:\/\/www.statcan.ca\" target=\"_blank\">Statistiques Canada<\/a><\/strong> publiait, le 25 avril dernier, un <strong><a href=\"http:\/\/www.statcan.ca\/francais\/freepub\/75-001-XIF\/2008104\/article\/10555high-fr.htm\" target=\"_blank\">rapport sur la formation li\u00e9e au travail<\/a><\/strong>. <\/p>\n<p>On y constate que dans l\u2019ensemble, la participation \u00e0 des cours de formation li\u00e9s \u00e0 l\u2019emploi a augment\u00e9  de 26% \u00e0 31% entre 1993 et 2002 malgr\u00e9 une chute de 3 points entre 1993 et 1997. Toutefois, le taux de participation des personnes ayant suivi une formation parrain\u00e9e par l\u2019employeur est demeur\u00e9 stable \u00e0 23 % au cours de cette p\u00e9riode.<\/p>\n<p>Cette stagnation du niveau de support de l&#8217;employeur a entra\u00een\u00e9 un hausse du nombre de personnes suivant des cours sans l\u2019appui de leur employeur de 4 % \u00e0 10 % de 1993 \u00e0 2002. Ceci est donc l&#8217;expression d&#8217;un besoin de formation qui n\u2019est pas combl\u00e9 par les employeurs.<\/p>\n<p>Le rapport d\u00e9montre aussi que les professionnels et les gestionnaires ont 17% plus d&#8217;opportunit\u00e9s de formation que les cols bleus, le personnel de bureau ou les employ\u00e9s des secteurs des ventes et des services. De m\u00eame, les employ\u00e9s des organisations de plus de 500 employ\u00e9s sont plus susceptibles de recevoir de la formation parrain\u00e9e par l\u2019employeur que ceux qui font partie d&#8217;organismes de moins de 20 employ\u00e9s. Mais l&#8217;\u00e9cart entre les deux a diminu\u00e9 de moiti\u00e9 entre 1993 et 2002.<\/p>\n<p>Ce que je retire de cette \u00e9tude, c&#8217;est que les travailleurs demandent de plus en plus de formation mais les employeurs ne leur offrent pas plus de soutien pour le faire. Ce que l&#8217;\u00e9tude ne dit pas, c&#8217;est si la hausse dans la formation non support\u00e9e par l&#8217;employeur provient majoritairement des petites ou grandes entreprises. Je serais port\u00e9 \u00e0 dire qu&#8217;elle provient davantage des employ\u00e9s de PME.<\/p>\n","protected":false},"excerpt":{"rendered":"<p>Statistiques Canada publiait, le 25 avril dernier, un rapport sur la formation li\u00e9e au travail. On y constate que dans l\u2019ensemble, la participation \u00e0 des cours de formation li\u00e9s \u00e0 l\u2019emploi a augment\u00e9 de 26% \u00e0 31% entre 1993 et&hellip;<\/p>\n<p class=\"more-link-p\"><a class=\"more-link\" href=\"https:\/\/guyboulet.net\/wp\/?p=142\">Read more &rarr;<\/a><\/p>\n","protected":false},"author":1,"featured_media":0,"comment_status":"open","ping_status":"open","sticky":false,"template":"","format":"standard","meta":{"footnotes":""},"categories":[10],"tags":[],"class_list":["post-142","post","type-post","status-publish","format-standard","hentry","category-c3-monblog"],"_links":{"self":[{"href":"https:\/\/guyboulet.net\/wp\/index.php?rest_route=\/wp\/v2\/posts\/142","targetHints":{"allow":["GET"]}}],"collection":[{"href":"https:\/\/guyboulet.net\/wp\/index.php?rest_route=\/wp\/v2\/posts"}],"about":[{"href":"https:\/\/guyboulet.net\/wp\/index.php?rest_route=\/wp\/v2\/types\/post"}],"author":[{"embeddable":true,"href":"https:\/\/guyboulet.net\/wp\/index.php?rest_route=\/wp\/v2\/users\/1"}],"replies":[{"embeddable":true,"href":"https:\/\/guyboulet.net\/wp\/index.php?rest_route=%2Fwp%2Fv2%2Fcomments&post=142"}],"version-history":[{"count":0,"href":"https:\/\/guyboulet.net\/wp\/index.php?rest_route=\/wp\/v2\/posts\/142\/revisions"}],"wp:attachment":[{"href":"https:\/\/guyboulet.net\/wp\/index.php?rest_route=%2Fwp%2Fv2%2Fmedia&parent=142"}],"wp:term":[{"taxonomy":"category","embeddable":true,"href":"https:\/\/guyboulet.net\/wp\/index.php?rest_route=%2Fwp%2Fv2%2Fcategories&post=142"},{"taxonomy":"post_tag","embeddable":true,"href":"https:\/\/guyboulet.net\/wp\/index.php?rest_route=%2Fwp%2Fv2%2Ftags&post=142"}],"curies":[{"name":"wp","href":"https:\/\/api.w.org\/{rel}","templated":true}]}}