{"id":144,"date":"2008-05-07T08:22:08","date_gmt":"2008-05-07T12:22:08","guid":{"rendered":"http:\/\/guyboulet.net\/wp\/?p=144"},"modified":"2008-05-07T08:22:08","modified_gmt":"2008-05-07T12:22:08","slug":"distinguer-formation-apprentissage-et-productivit","status":"publish","type":"post","link":"https:\/\/guyboulet.net\/wp\/?p=144","title":{"rendered":"Distinguer formation, apprentissage et productivit\u00e9"},"content":{"rendered":"<p>En r\u00e9ponse \u00e0 <strong><a href=\"http:\/\/apprendre2point0.ning.com\/profile\/fmeichel\" target=\"_blank\">Florence Meichel<\/a><\/strong> qui se demande sur <a href=\"http:\/\/apprendre2point0.ning.com\/forum\/topic\/show?id=945551%3ATopic%3A7521&amp;page=2&amp;commentId=945551%3AComment%3A16886&amp;x=1#945551Comment16886\" target=\"_blank\"><strong>Apprendre 2.0<\/strong><\/a> pourquoi je fais une distinction entre formation et apprentissage, je dois tout d&#8217;abord d\u00e9finir ce qu&#8217;est l&#8217;apprentissage. Wikip\u00e9dia d\u00e9finit l&#8217;apprentissage comme suit:<\/p>\n<p>&#8220;L\u2019apprentissage est l&#8217;acquisition de savoir-faire, c&#8217;est-\u00e0-dire le processus d\u2019acquisition de pratiques, de connaissances, comp\u00e9tences, d&#8217;attitudes ou de valeurs culturelles, par l&#8217;observation, l&#8217;imitation, l&#8217;essai, la r\u00e9p\u00e9tition, la pr\u00e9sentation. Il s&#8217;oppose, tout en le compl\u00e9tant, \u00e0 l&#8217;enseignement dont le but est surtout l&#8217;acquisition de savoirs ou de connaissances au moyen d&#8217;\u00e9tudes, d&#8217;exercices et de contr\u00f4les des connaissances.&#8221;<\/p>\n<p>Je crois que la deuxi\u00e8me partie de la d\u00e9finition explique bien o\u00f9 je vois la diff\u00e9rence entre les deux. La formation est un processus encadr\u00e9. Comme le mentionne Florence, former c&#8217;est transmettre des connaissances et modeler la personnalit\u00e9. Ceci implique l&#8217;intervention d&#8217;une autre partie: un formateur. Celui-ci est le transmetteur et le modeleur et son action sera diri\u00e9es selon un mod\u00e8le, un moule dans lequel on va tenter de faire entrer l&#8217;apprenant. Quand on suit une formation, le formateur a un plan, il d\u00e9cide de ce qui est transmis. De l&#8217;autre c\u00f4t\u00e9, l&#8217;apprenant re\u00e7oit, d\u00e9cide de ce qui est pertinent et apprend. Le formateur forme et l&#8217;apprenant apprend: deux processus bien distincts mais li\u00e9s (dans le contexte de la formation).<\/p>\n<p>Les deux concepts sont li\u00e9s mais peuvent aussi \u00eatre ind\u00e9pendants l&#8217;un de l&#8217;autre: combien de fois a-t-on entendu \u00e0 la sortie d&#8217;une formation: &#8220;je n&#8217;ai rien appris de nouveau&#8221;? Donc la formation ne r\u00e9sulte pas n\u00e9cessairement en apprentissages, c&#8217;est souvent le cas de formations mal con\u00e7ues ou non adapt\u00e9es aux apprenants. De m\u00eame, on peut apprendre sans suivre de formation: je n&#8217;ai jamais re\u00e7u de formation en m\u00e9canique mais j&#8217;arrive \u00e0 diagnostiquer et \u00e0 r\u00e9parer mon automobile. J&#8217;ai appris mais je n&#8217;ai pas \u00e9t\u00e9 form\u00e9.<\/p>\n<p>Aussi, en r\u00e9ponse \u00e0 <a href=\"http:\/\/apprendre2point0.ning.com\/profile\/Olivier\" target=\"_blank\"><strong>Olivier Carbone<\/strong><\/a> qui me demande sur le m\u00eame forum pourquoi diff\u00e9rencier autant productivit\u00e9, bien que les deux concepts soient li\u00e9es du fait que des employ\u00e9es mieux form\u00e9s sont plus productifs, la formation n&#8217;est pas l&#8217;unique facteur pouvant expliquer la productivit\u00e9.<\/p>\n<p>Les \u00e9b\u00e9nistes les plus comp\u00e9tents ne peuvent \u00eatre productifs s&#8217;ils utilisent une \u00e9go\u00eene \u00e9m\u00e9ch\u00e9e plut\u00f4t qu&#8217;une scie \u00e9lectrique bien aiguis\u00e9e. Les outils, l&#8217;environnementet les conditions de travail sont tout aussi importants que la connaissance de la t\u00e2che. Par cons\u00e9quent, bien que la formation soit un facteur de la productivit\u00e9, elle est un concept vraiment distinct.<\/p>\n<p>Il semble que certaines personnes aiment les zones grises. Pour ma part, j&#8217;aime quand les choses sont claires.<\/p>\n","protected":false},"excerpt":{"rendered":"<p>En r\u00e9ponse \u00e0 Florence Meichel qui se demande sur Apprendre 2.0 pourquoi je fais une distinction entre formation et apprentissage, je dois tout d&#8217;abord d\u00e9finir ce qu&#8217;est l&#8217;apprentissage. Wikip\u00e9dia d\u00e9finit l&#8217;apprentissage comme suit: &#8220;L\u2019apprentissage est l&#8217;acquisition de savoir-faire, c&#8217;est-\u00e0-dire le&hellip;<\/p>\n<p class=\"more-link-p\"><a class=\"more-link\" href=\"https:\/\/guyboulet.net\/wp\/?p=144\">Read more &rarr;<\/a><\/p>\n","protected":false},"author":1,"featured_media":0,"comment_status":"open","ping_status":"open","sticky":false,"template":"","format":"standard","meta":{"footnotes":""},"categories":[10],"tags":[],"class_list":["post-144","post","type-post","status-publish","format-standard","hentry","category-c3-monblog"],"_links":{"self":[{"href":"https:\/\/guyboulet.net\/wp\/index.php?rest_route=\/wp\/v2\/posts\/144","targetHints":{"allow":["GET"]}}],"collection":[{"href":"https:\/\/guyboulet.net\/wp\/index.php?rest_route=\/wp\/v2\/posts"}],"about":[{"href":"https:\/\/guyboulet.net\/wp\/index.php?rest_route=\/wp\/v2\/types\/post"}],"author":[{"embeddable":true,"href":"https:\/\/guyboulet.net\/wp\/index.php?rest_route=\/wp\/v2\/users\/1"}],"replies":[{"embeddable":true,"href":"https:\/\/guyboulet.net\/wp\/index.php?rest_route=%2Fwp%2Fv2%2Fcomments&post=144"}],"version-history":[{"count":0,"href":"https:\/\/guyboulet.net\/wp\/index.php?rest_route=\/wp\/v2\/posts\/144\/revisions"}],"wp:attachment":[{"href":"https:\/\/guyboulet.net\/wp\/index.php?rest_route=%2Fwp%2Fv2%2Fmedia&parent=144"}],"wp:term":[{"taxonomy":"category","embeddable":true,"href":"https:\/\/guyboulet.net\/wp\/index.php?rest_route=%2Fwp%2Fv2%2Fcategories&post=144"},{"taxonomy":"post_tag","embeddable":true,"href":"https:\/\/guyboulet.net\/wp\/index.php?rest_route=%2Fwp%2Fv2%2Ftags&post=144"}],"curies":[{"name":"wp","href":"https:\/\/api.w.org\/{rel}","templated":true}]}}