{"id":145,"date":"2008-05-12T05:23:59","date_gmt":"2008-05-12T09:23:59","guid":{"rendered":"http:\/\/guyboulet.net\/wp\/?p=145"},"modified":"2008-05-12T05:23:59","modified_gmt":"2008-05-12T09:23:59","slug":"la-formation-en-entreprise-encore-absente-du-dt","status":"publish","type":"post","link":"https:\/\/guyboulet.net\/wp\/?p=145","title":{"rendered":"La formation en entreprise encore absente du d\u00e9bat"},"content":{"rendered":"<p>C&#8217;est aujourd&#8217;hui le jour 1 de la conf\u00e9rence <a href=\"http:\/\/scope.lidc.sfu.ca\/course\/view.php?id=56\" target=\"_blank\"><strong>Shaping Our Future: Towards a Pan Canadian E-learning Research Agenda<\/strong><\/a> qui se d\u00e9roule en ligne. La discussion pr\u00e9-conf\u00e9rence roule cependant depuis quelques jours et jusqu&#8217;ici ma plus grande inqui\u00e9tude face \u00e0 cette conf\u00e9rence c&#8217;est, que comme bien d&#8217;autres sur le sujet, elle semble ne s&#8217;int\u00e9resser qu&#8217;aux applications du elearning en contexte acad\u00e9mique. En effet, j&#8217;ai pu y recenser dans les discussions 18 r\u00e9f\u00e9rences au terme K-12 et aucune \u00e0 propos de formation en entreprise.<\/p>\n<p>Il y a \u00e9norm\u00e9ment de recherche effectu\u00e9e sur l&#8217;utilisation du elearning en milieu d&#8217;enseignement et tr\u00e8s peu au sujet de son utilisation en entreprise. Avec le d\u00e9part \u00e0 la retraite massif des Baby-Boomers, les entreprises sont confront\u00e9es \u00e0 une p\u00e9nurie de main d&#8217;oeuvre qualifi\u00e9e et le learning peut constituer une solution pour fournir aux employ\u00e9es une formation &#8220;juste assez, juste \u00e0 temps&#8221;.<\/p>\n<p>La recherche est principalement faite par les universit\u00e9s pour les universit\u00e9s. Un agenda national pourrait constituer une fa\u00e7on de red\u00e9finir les priorit\u00e9s de recherche afin de s&#8217;assurer que les autres champs d&#8217;application obtiennent leur juste part de financement.<\/p>\n","protected":false},"excerpt":{"rendered":"<p>C&#8217;est aujourd&#8217;hui le jour 1 de la conf\u00e9rence Shaping Our Future: Towards a Pan Canadian E-learning Research Agenda qui se d\u00e9roule en ligne. La discussion pr\u00e9-conf\u00e9rence roule cependant depuis quelques jours et jusqu&#8217;ici ma plus grande inqui\u00e9tude face \u00e0 cette&hellip;<\/p>\n<p class=\"more-link-p\"><a class=\"more-link\" href=\"https:\/\/guyboulet.net\/wp\/?p=145\">Read more &rarr;<\/a><\/p>\n","protected":false},"author":1,"featured_media":0,"comment_status":"open","ping_status":"open","sticky":false,"template":"","format":"standard","meta":{"footnotes":""},"categories":[10],"tags":[],"class_list":["post-145","post","type-post","status-publish","format-standard","hentry","category-c3-monblog"],"_links":{"self":[{"href":"https:\/\/guyboulet.net\/wp\/index.php?rest_route=\/wp\/v2\/posts\/145","targetHints":{"allow":["GET"]}}],"collection":[{"href":"https:\/\/guyboulet.net\/wp\/index.php?rest_route=\/wp\/v2\/posts"}],"about":[{"href":"https:\/\/guyboulet.net\/wp\/index.php?rest_route=\/wp\/v2\/types\/post"}],"author":[{"embeddable":true,"href":"https:\/\/guyboulet.net\/wp\/index.php?rest_route=\/wp\/v2\/users\/1"}],"replies":[{"embeddable":true,"href":"https:\/\/guyboulet.net\/wp\/index.php?rest_route=%2Fwp%2Fv2%2Fcomments&post=145"}],"version-history":[{"count":0,"href":"https:\/\/guyboulet.net\/wp\/index.php?rest_route=\/wp\/v2\/posts\/145\/revisions"}],"wp:attachment":[{"href":"https:\/\/guyboulet.net\/wp\/index.php?rest_route=%2Fwp%2Fv2%2Fmedia&parent=145"}],"wp:term":[{"taxonomy":"category","embeddable":true,"href":"https:\/\/guyboulet.net\/wp\/index.php?rest_route=%2Fwp%2Fv2%2Fcategories&post=145"},{"taxonomy":"post_tag","embeddable":true,"href":"https:\/\/guyboulet.net\/wp\/index.php?rest_route=%2Fwp%2Fv2%2Ftags&post=145"}],"curies":[{"name":"wp","href":"https:\/\/api.w.org\/{rel}","templated":true}]}}