{"id":158,"date":"2008-08-18T12:42:23","date_gmt":"2008-08-18T16:42:23","guid":{"rendered":"http:\/\/guyboulet.net\/wp\/?p=158"},"modified":"2008-08-18T12:42:23","modified_gmt":"2008-08-18T16:42:23","slug":"communautvirtuelles-au-travail","status":"publish","type":"post","link":"https:\/\/guyboulet.net\/wp\/?p=158","title":{"rendered":"Communaut\u00e9s virtuelles au travail"},"content":{"rendered":"<p>Aujourd&#8217;hui sur le blog <a href=\"http:\/\/www.brandon-hall.com\/workplacelearningtoday\/\" target=\"_blank\">Workplace Learning Today<\/a>, <a href=\"http:\/\/brandon-hall.com\/richardnantel\/about-me\/\" target=\"_blank\">Richard Nantel<\/a> rapporte un article du quotidien The Montreal Gazette, &#8220;<a href=\"http:\/\/www.canada.com\/montrealgazette\/news\/business\/story.html?id=5734c351-265e-4091-a7bd-5717efaf147d\" target=\"_blank\">Want to be my friend at work?<\/a> &#8221; dans lequel on explique comment des employ\u00e9s de McDonald&#8217;s on pu r\u00e9gler un probl\u00e8me de p\u00e2te qui ne levait pas par l&#8217;utilisation d&#8217;une communaut\u00e9 virtuelle interne \u00e0 l&#8217;entreprise.<\/p>\n<p>Dans son introduction, Richard laisse sous-entendre que les compagnies ne devraient pas bloquer l&#8217;acc\u00e8s \u00e0 Facebook, MySpace ou autres sous le seul pr\u00e9texte que cela peut nuire \u00e0 la productivit\u00e9. Mais l&#8217;\u00e9l\u00e9ment important dans le cas de McDonald&#8217;s c&#8217;est que les employ\u00e9s ont utilis\u00e9 une communaut\u00e9 virtuelle corporative, ou comme le dit l&#8217;auteur: &#8220;un type de Facebook interne&#8221;<\/p>\n<p>Pour ma part, je comprend parfaitement que certaines entreprises veuillent bloquer l&#8217;acc\u00e8s \u00e0 des r\u00e9seaux sociaux &#8220;publics&#8221;. Les gestionnaires ne veulent pas que les employ\u00e9s fassent des choses personnelles sur leurs heures de travail. Cependant, la mise en place de communaut\u00e9s virtuelles internes est une bonne fa\u00e7on de promouvoir le partage  de connaissances tout en s&#8217;assurant que le temps pass\u00e9 en ligne b\u00e9n\u00e9ficie r\u00e9ellement \u00e0 l&#8217;entreprise.<\/p>\n<p>Voil\u00e0 exactement comment je vois l&#8217;utilisation du Web collaboratif dans l&#8217;entreprise.<\/p>\n","protected":false},"excerpt":{"rendered":"<p>Aujourd&#8217;hui sur le blog Workplace Learning Today, Richard Nantel rapporte un article du quotidien The Montreal Gazette, &#8220;Want to be my friend at work? &#8221; dans lequel on explique comment des employ\u00e9s de McDonald&#8217;s on pu r\u00e9gler un probl\u00e8me de&hellip;<\/p>\n<p class=\"more-link-p\"><a class=\"more-link\" href=\"https:\/\/guyboulet.net\/wp\/?p=158\">Read more &rarr;<\/a><\/p>\n","protected":false},"author":1,"featured_media":0,"comment_status":"open","ping_status":"open","sticky":false,"template":"","format":"standard","meta":{"footnotes":""},"categories":[10],"tags":[],"class_list":["post-158","post","type-post","status-publish","format-standard","hentry","category-c3-monblog"],"_links":{"self":[{"href":"https:\/\/guyboulet.net\/wp\/index.php?rest_route=\/wp\/v2\/posts\/158","targetHints":{"allow":["GET"]}}],"collection":[{"href":"https:\/\/guyboulet.net\/wp\/index.php?rest_route=\/wp\/v2\/posts"}],"about":[{"href":"https:\/\/guyboulet.net\/wp\/index.php?rest_route=\/wp\/v2\/types\/post"}],"author":[{"embeddable":true,"href":"https:\/\/guyboulet.net\/wp\/index.php?rest_route=\/wp\/v2\/users\/1"}],"replies":[{"embeddable":true,"href":"https:\/\/guyboulet.net\/wp\/index.php?rest_route=%2Fwp%2Fv2%2Fcomments&post=158"}],"version-history":[{"count":0,"href":"https:\/\/guyboulet.net\/wp\/index.php?rest_route=\/wp\/v2\/posts\/158\/revisions"}],"wp:attachment":[{"href":"https:\/\/guyboulet.net\/wp\/index.php?rest_route=%2Fwp%2Fv2%2Fmedia&parent=158"}],"wp:term":[{"taxonomy":"category","embeddable":true,"href":"https:\/\/guyboulet.net\/wp\/index.php?rest_route=%2Fwp%2Fv2%2Fcategories&post=158"},{"taxonomy":"post_tag","embeddable":true,"href":"https:\/\/guyboulet.net\/wp\/index.php?rest_route=%2Fwp%2Fv2%2Ftags&post=158"}],"curies":[{"name":"wp","href":"https:\/\/api.w.org\/{rel}","templated":true}]}}