{"id":161,"date":"2008-08-20T06:20:09","date_gmt":"2008-08-20T10:20:09","guid":{"rendered":"http:\/\/guyboulet.net\/wp\/?p=161"},"modified":"2008-08-20T06:20:09","modified_gmt":"2008-08-20T10:20:09","slug":"le-dt-de-la-fin-du-concept-de-web-20","status":"publish","type":"post","link":"https:\/\/guyboulet.net\/wp\/?p=161","title":{"rendered":"Le d\u00e9but de la fin du concept de Web 2.0"},"content":{"rendered":"<p>Il semble que le concept de web 2.0 approche un creux de d\u00e9sillusionnement. C&#8217;est du moins ce que laisse entendre le <a href=\"http:\/\/www.gartner.com\/it\/page.jsp?id=739613\" target=\"_blank\"><em>Gartner&#8217;s 2008 Hype Cycle for Emerging Technologies<\/em><\/a>. En fait, on y laisse entendre que d&#8217;ici deux ans le concept sera une tendance dominante.<\/p>\n<\/p>\n<div style=\"text-align: center\"><img loading=\"lazy\" decoding=\"async\" class=\" size-full wp-image-160\" src=\"http:\/\/guyboulet.net\/wp\/wp-content\/uploads\/2008\/08\/gartner-hype-cycle1.jpg\" border=\"0\" alt=\"Gartner\" width=\"500\" height=\"392\" style=\"border: 0;\" srcset=\"https:\/\/guyboulet.net\/wp\/wp-content\/uploads\/2008\/08\/gartner-hype-cycle1.jpg 731w, https:\/\/guyboulet.net\/wp\/wp-content\/uploads\/2008\/08\/gartner-hype-cycle1-300x235.jpg 300w, https:\/\/guyboulet.net\/wp\/wp-content\/uploads\/2008\/08\/gartner-hype-cycle1-560x438.jpg 560w, https:\/\/guyboulet.net\/wp\/wp-content\/uploads\/2008\/08\/gartner-hype-cycle1-260x203.jpg 260w, https:\/\/guyboulet.net\/wp\/wp-content\/uploads\/2008\/08\/gartner-hype-cycle1-160x125.jpg 160w\" sizes=\"auto, (max-width: 500px) 100vw, 500px\" \/><\/div>\n<p>Si on en croit sa progression rapide (le concept est apparu en 2004) il semble que le terme Web 2.0 progresse plus rapidement que celui de ses composantes (le wiki, le blog et les services de r\u00e9seaux sociaux datent de \u00b1 1995). Ainsi, Gartner pr\u00e9voit que les wikis, blogs corporatifs, mondes virtuels et autres n&#8217;atteindront leur maturit\u00e9 que dans deux \u00e0 cinq ans. Ceci signifierait donc que les individus adopteront le concept mais sans n\u00e9cessairement l&#8217;utiliser.  Il est donc aussi pr\u00e9visible que le concept disparaissent aussi plus rapidement. Serait-ce que le concept n&#8217;est rien d&#8217;autre qu&#8217;une coquille vide?<\/p>\n<p>Quoi qu&#8217;il en soit, je suis heureux de voir que le concept de Web 2.0 soit sortie de la pointe des attentes gonfl\u00e9es. Jusqu&#8217;\u00e0 tout r\u00e9cemment certains observateurs voyaient le Web 2.0 comme la solution \u00e0 tous les probl\u00e8mes. On approche maintenant le niveau o\u00f9 on s&#8217;apper\u00e7oit que ce n&#8217;est rien de moins qu&#8217;un concept: le Web 2.0 n&#8217;est pas un produit, je ne peux pas installer le Web 2.0 sur mon serveur j&#8217;en installe plut\u00f4t les outils comme un Blog, un wiki ou un aggr\u00e9gateur de contenu. <\/p>\n<p>Personnelement, je pr\u00e9dis que ce terme disparaitra de notre vocabulaire d&#8217;ici deux ans lorsque l&#8217;utilisation de ses composantes sera si commune qu&#8217;on ne parlera plus que du Web, comme si ces applications avaient toujours \u00e9t\u00e9 l\u00e0. Comme pour tous les termes \u00e0 la mode, la bulle du 2.0 aura \u00e9clat\u00e9e. Ma seule crainte est qu&#8217;elle aura \u00e9t\u00e9 remplac\u00e9e par un autre terme \u00e0 la mode. Probalement &#8220;Web 3.0&#8221;<\/p><\/p>\n","protected":false},"excerpt":{"rendered":"<p>Il semble que le concept de web 2.0 approche un creux de d\u00e9sillusionnement. C&#8217;est du moins ce que laisse entendre le Gartner&#8217;s 2008 Hype Cycle for Emerging Technologies. En fait, on y laisse entendre que d&#8217;ici deux ans le concept&hellip;<\/p>\n<p class=\"more-link-p\"><a class=\"more-link\" href=\"https:\/\/guyboulet.net\/wp\/?p=161\">Read more &rarr;<\/a><\/p>\n","protected":false},"author":1,"featured_media":160,"comment_status":"open","ping_status":"open","sticky":false,"template":"","format":"standard","meta":{"footnotes":""},"categories":[10],"tags":[],"class_list":["post-161","post","type-post","status-publish","format-standard","has-post-thumbnail","hentry","category-c3-monblog"],"_links":{"self":[{"href":"https:\/\/guyboulet.net\/wp\/index.php?rest_route=\/wp\/v2\/posts\/161","targetHints":{"allow":["GET"]}}],"collection":[{"href":"https:\/\/guyboulet.net\/wp\/index.php?rest_route=\/wp\/v2\/posts"}],"about":[{"href":"https:\/\/guyboulet.net\/wp\/index.php?rest_route=\/wp\/v2\/types\/post"}],"author":[{"embeddable":true,"href":"https:\/\/guyboulet.net\/wp\/index.php?rest_route=\/wp\/v2\/users\/1"}],"replies":[{"embeddable":true,"href":"https:\/\/guyboulet.net\/wp\/index.php?rest_route=%2Fwp%2Fv2%2Fcomments&post=161"}],"version-history":[{"count":0,"href":"https:\/\/guyboulet.net\/wp\/index.php?rest_route=\/wp\/v2\/posts\/161\/revisions"}],"wp:featuredmedia":[{"embeddable":true,"href":"https:\/\/guyboulet.net\/wp\/index.php?rest_route=\/wp\/v2\/media\/160"}],"wp:attachment":[{"href":"https:\/\/guyboulet.net\/wp\/index.php?rest_route=%2Fwp%2Fv2%2Fmedia&parent=161"}],"wp:term":[{"taxonomy":"category","embeddable":true,"href":"https:\/\/guyboulet.net\/wp\/index.php?rest_route=%2Fwp%2Fv2%2Fcategories&post=161"},{"taxonomy":"post_tag","embeddable":true,"href":"https:\/\/guyboulet.net\/wp\/index.php?rest_route=%2Fwp%2Fv2%2Ftags&post=161"}],"curies":[{"name":"wp","href":"https:\/\/api.w.org\/{rel}","templated":true}]}}