{"id":164,"date":"2008-09-02T07:45:40","date_gmt":"2008-09-02T11:45:40","guid":{"rendered":"http:\/\/guyboulet.net\/wp\/?p=164"},"modified":"2008-09-02T07:45:40","modified_gmt":"2008-09-02T11:45:40","slug":"les-qucois-seraient-des-cancres","status":"publish","type":"post","link":"https:\/\/guyboulet.net\/wp\/?p=164","title":{"rendered":"Les qu\u00e9b\u00e9cois seraient des cancres"},"content":{"rendered":"<p>Dans sa derni\u00e8re \u00e9dition, le magazine canadien <a href=\"http:\/\/www.macleans.ca\/\" target=\"_blank\">Maclean&#8217;s<\/a> pr\u00e9sente un <a href=\"http:\/\/www.macleans.ca\/canada\/national\/article.jsp?content=20080827_119793_119793\" target=\"_blank\">dossier sur &#8220;l&#8217;intelligence&#8221; des grandes villes canadiennes<\/a> . Fait marquant, les villes du Qu\u00e9bec sont toutes en bas de liste sauf pour Gatineau qui est quatri\u00e8me. Comme par hasard, cette ville n&#8217;est s\u00e9par\u00e9e d&#8217;Ottawa, qui se classe premi\u00e8re, que par la rivi\u00e8re des Outaouais.<\/p>\n<p>Les villes Qu\u00e9b\u00e9coises y font pi\u00e8tre figure au niveau de la formation en milieu de travail, se contentant au mieux d&#8217;\u00eatre dans la moyenne, malgr\u00e9 une loi voulant que toutes les entreprises ayant une masse salariale sup\u00e9rieure \u00e0 1 millons de dollars investissent 1% dans la formation de leurs employ\u00e9s.<\/p>\n<p>R\u00e9action du gouvernement Qu\u00e9b\u00e9cois: l&#8217;\u00e9tude a des failles et ne tient pas compte de la sp\u00e9cificit\u00e9 qu\u00e9b\u00e9coise. Pourtant, l&#8217;\u00e9tude, r\u00e9alis\u00e9e par le Conseil canadien sur l&#8217;apprentissage, s&#8217;appuie sur 25 crit\u00e8res \u00e9tablis par l&#8217;Organisation des Nations unies pour l&#8217;\u00e9ducation, la science et la culture (UNESCO).<\/p>\n<p>Je dis toujours que la premi\u00e8re \u00e9tape vers l&#8217;am\u00e9lioration est d&#8217;admettre ses faiblesses. \u00c0 mon avis, plut\u00f4t que de critiquer l&#8217;\u00e9tude, nos fonctionaires devraient plut\u00f4t en analyser les r\u00e9sultats et d\u00e9terminer les points faibles de notre syst\u00e8me. <\/p>\n<p>Si notre sp\u00e9cificit\u00e9 c&#8217;est d&#8217;\u00eatre moins bien form\u00e9s qu&#8217;ailleurs, je pr\u00e9f\u00e8re ne pas \u00eatre sp\u00e9cifique.<\/p>\n","protected":false},"excerpt":{"rendered":"<p>Dans sa derni\u00e8re \u00e9dition, le magazine canadien Maclean&#8217;s pr\u00e9sente un dossier sur &#8220;l&#8217;intelligence&#8221; des grandes villes canadiennes . Fait marquant, les villes du Qu\u00e9bec sont toutes en bas de liste sauf pour Gatineau qui est quatri\u00e8me. Comme par hasard, cette&hellip;<\/p>\n<p class=\"more-link-p\"><a class=\"more-link\" href=\"https:\/\/guyboulet.net\/wp\/?p=164\">Read more &rarr;<\/a><\/p>\n","protected":false},"author":1,"featured_media":0,"comment_status":"open","ping_status":"open","sticky":false,"template":"","format":"standard","meta":{"footnotes":""},"categories":[10],"tags":[],"class_list":["post-164","post","type-post","status-publish","format-standard","hentry","category-c3-monblog"],"_links":{"self":[{"href":"https:\/\/guyboulet.net\/wp\/index.php?rest_route=\/wp\/v2\/posts\/164","targetHints":{"allow":["GET"]}}],"collection":[{"href":"https:\/\/guyboulet.net\/wp\/index.php?rest_route=\/wp\/v2\/posts"}],"about":[{"href":"https:\/\/guyboulet.net\/wp\/index.php?rest_route=\/wp\/v2\/types\/post"}],"author":[{"embeddable":true,"href":"https:\/\/guyboulet.net\/wp\/index.php?rest_route=\/wp\/v2\/users\/1"}],"replies":[{"embeddable":true,"href":"https:\/\/guyboulet.net\/wp\/index.php?rest_route=%2Fwp%2Fv2%2Fcomments&post=164"}],"version-history":[{"count":0,"href":"https:\/\/guyboulet.net\/wp\/index.php?rest_route=\/wp\/v2\/posts\/164\/revisions"}],"wp:attachment":[{"href":"https:\/\/guyboulet.net\/wp\/index.php?rest_route=%2Fwp%2Fv2%2Fmedia&parent=164"}],"wp:term":[{"taxonomy":"category","embeddable":true,"href":"https:\/\/guyboulet.net\/wp\/index.php?rest_route=%2Fwp%2Fv2%2Fcategories&post=164"},{"taxonomy":"post_tag","embeddable":true,"href":"https:\/\/guyboulet.net\/wp\/index.php?rest_route=%2Fwp%2Fv2%2Ftags&post=164"}],"curies":[{"name":"wp","href":"https:\/\/api.w.org\/{rel}","templated":true}]}}