{"id":192,"date":"2009-01-26T07:03:30","date_gmt":"2009-01-26T12:03:30","guid":{"rendered":"http:\/\/guyboulet.net\/wp\/?p=192"},"modified":"2009-01-26T07:03:30","modified_gmt":"2009-01-26T12:03:30","slug":"on-ne-peut-contr-lapprentissage-informel","status":"publish","type":"post","link":"https:\/\/guyboulet.net\/wp\/?p=192","title":{"rendered":"On ne peut contr\u00f4ler l&#8217;apprentissage informel"},"content":{"rendered":"<p>Je suis tomb\u00e9 sur un article publi\u00e9 par <a href=\"http:\/\/joshbersin.com\/\" target=\"_blank\">Bersin &amp; Associates<\/a> et intitul\u00e9 <a href=\"http:\/\/joshbersin.com\/2009\/01\/21\/informal-learning-becomes-formal\/\" target=\"_blank\"><em>Informal Learning becomes Formal<\/em><\/a> . L&#8217;auteur se dit maintenant convaincu \u00e0 100% que l&#8217;apprentissage informel est devenu formel puisque, pour que leur formation soit efficace, les organisations doivent formellement adopter l&#8217;apprentissage informel.<\/p>\n<p>Je trouve cette affirmation quelque-peu exag\u00e9r\u00e9e. Il faut d&#8217;abord savoir que la principale caract\u00e9ristique de l&#8217;apprentissage informel est qu&#8217;il est non-structur\u00e9. Ainsi, d\u00e8s qu&#8217;une organisation met en place une structure pour encadrer l&#8217;aprentissage informel, il devient formel. Sur ce point, je rejoint l&#8217;auteur de l&#8217;article. Par contre, puisque les structures manquent souvent de flexibilit\u00e9, les individus trouvent toutes sortes de moyens de les contourner et agir de mani\u00e8re informelle. Par cons\u00e9quent, formaliser l&#8217;apprentissage informel ne fait que favoriser la cr\u00e9ation de nouveaux canaux informels. <\/p>\n<p>Par exemple, la cr\u00e9ation d&#8217;un wiki corporatif pour capturer l&#8217;expertise des employ\u00e9s n&#8217;emp\u00eachera pas les conversations informelles autour de la machine \u00e0 caf\u00e9 ou du cendrier. Une des raison est que le fait d&#8217;alimenter un wiki exige un effort et doit respecter des r\u00e8gles alors qu&#8217;une simple conversation est un geste naturel qui n&#8217;exige que tr\u00e8s peu d&#8217;effort et est g\u00e9n\u00e9ralement agr\u00e9able. Et comme il est tr\u00e8s difficile de pr\u00e9voir la nature des ces conversations et encore plus de les encadrer, elles demeurent informelles.<\/p>\n<p>On ne peut contr\u00f4ler l&#8217;informel, c&#8217;est dans la nature des choses.<\/p>\n","protected":false},"excerpt":{"rendered":"<p>Je suis tomb\u00e9 sur un article publi\u00e9 par Bersin &amp; Associates et intitul\u00e9 Informal Learning becomes Formal . L&#8217;auteur se dit maintenant convaincu \u00e0 100% que l&#8217;apprentissage informel est devenu formel puisque, pour que leur formation soit efficace, les organisations&hellip;<\/p>\n<p class=\"more-link-p\"><a class=\"more-link\" href=\"https:\/\/guyboulet.net\/wp\/?p=192\">Read more &rarr;<\/a><\/p>\n","protected":false},"author":1,"featured_media":0,"comment_status":"open","ping_status":"open","sticky":false,"template":"","format":"standard","meta":{"footnotes":""},"categories":[10],"tags":[],"class_list":["post-192","post","type-post","status-publish","format-standard","hentry","category-c3-monblog"],"_links":{"self":[{"href":"https:\/\/guyboulet.net\/wp\/index.php?rest_route=\/wp\/v2\/posts\/192","targetHints":{"allow":["GET"]}}],"collection":[{"href":"https:\/\/guyboulet.net\/wp\/index.php?rest_route=\/wp\/v2\/posts"}],"about":[{"href":"https:\/\/guyboulet.net\/wp\/index.php?rest_route=\/wp\/v2\/types\/post"}],"author":[{"embeddable":true,"href":"https:\/\/guyboulet.net\/wp\/index.php?rest_route=\/wp\/v2\/users\/1"}],"replies":[{"embeddable":true,"href":"https:\/\/guyboulet.net\/wp\/index.php?rest_route=%2Fwp%2Fv2%2Fcomments&post=192"}],"version-history":[{"count":0,"href":"https:\/\/guyboulet.net\/wp\/index.php?rest_route=\/wp\/v2\/posts\/192\/revisions"}],"wp:attachment":[{"href":"https:\/\/guyboulet.net\/wp\/index.php?rest_route=%2Fwp%2Fv2%2Fmedia&parent=192"}],"wp:term":[{"taxonomy":"category","embeddable":true,"href":"https:\/\/guyboulet.net\/wp\/index.php?rest_route=%2Fwp%2Fv2%2Fcategories&post=192"},{"taxonomy":"post_tag","embeddable":true,"href":"https:\/\/guyboulet.net\/wp\/index.php?rest_route=%2Fwp%2Fv2%2Ftags&post=192"}],"curies":[{"name":"wp","href":"https:\/\/api.w.org\/{rel}","templated":true}]}}