{"id":194,"date":"2009-02-05T05:09:59","date_gmt":"2009-02-05T10:09:59","guid":{"rendered":"http:\/\/guyboulet.net\/wp\/?p=194"},"modified":"2009-02-05T05:09:59","modified_gmt":"2009-02-05T10:09:59","slug":"bien-quer-pour-bien-former","status":"publish","type":"post","link":"https:\/\/guyboulet.net\/wp\/?p=194","title":{"rendered":"Bien \u00e9duquer pour bien former"},"content":{"rendered":"<p>Je rencontre parfois des personnes qui confondent l&#8217;\u00e9ducation et la formation. Il est vrai que les deux concepts se ressemblent et se rejoignent en certains points, mais ce sont n\u00e9amoins deux choses bien diff\u00e9rentes.<\/p>\n<p>L&#8217;\u00e9ducation vise \u00e9galement \u00e0 assurer \u00e0 chaque individu le d\u00e9veloppement de ses capacit\u00e9s physiques, intellectuelles et morales afin de pouvoir affronter sa vie personnelle, de la g\u00e9rer en \u00e9tant un citoyen responsable dans la soci\u00e9t\u00e9 dans laquelle il \u00e9volue, capable de r\u00e9fl\u00e9chir pour pouvoir \u00e9ventuellement construire une nouvelle soci\u00e9t\u00e9. Ainsi l&#8217;\u00e9ducationpermettra d&#8217;acqu\u00e9rir des connaissances jug\u00e9es essentielles telles savoir lire, \u00e9crire et compter ainsi que des notions de base en histore, g\u00e9ographie et dans plusieurs autres domaines. Ces apprentissages sont pour la pluparts le fait du syst\u00e8me d&#8217;\u00e9ducation compos\u00e9 des \u00e9coles primaires et secondaires ainsi que des coll\u00e8ges et universit\u00e9s.<\/p>\n<p>Alors que l&#8217;\u00e9ducation vise le d\u00e9veloppement g\u00e9n\u00e9ral de l&#8217;individu, la formation de son c\u00f4t\u00e9 s&#8217;attaque \u00e0 des domaines plus pr\u00e9cis, \u00e0 des comp\u00e9tences pratiques qui font appel \u00e0 des connaissances pariculi\u00e8res. On utlisera ainsi des termes tels &#8220;formation professionnelle&#8221; ou &#8220;formation en cours d&#8217;emploi&#8221;. Il faut aussi noter qu&#8217;un formateur n&#8217;est pas un \u00e9ducateur.<\/p>\n<p>\u00c0 titre d&#8217;exemple, une personne bien \u00e9duqu\u00e9e fera preuve de bonnes mani\u00e8res et d&#8217;une certaine \u00e9rudition alors qu&#8217;une personne bien form\u00e9e sera comp\u00e9tente dans ce qu&#8217;elle fait. Cet exemple illustre bien la diff\u00e9rence: l&#8217;\u00e9ducation fourni des outils pour la vie de tous les jours alors que la formation d\u00e9veloppe la capacit\u00e9 \u00e0 utiliser ces outils \u00e0 des fins sp\u00e9cifiques. Ainsi, le syst\u00e8me d&#8217;\u00e9ducation enseigne ce qu&#8217;est le th\u00e9or\u00e8me de pythagore alors que la formation explique comment on peut l&#8217;appliquer \u00e0 des domaines pr\u00e9cis, que ce soit dans la construction, la navigation ou tout autre domaine.<\/p>\n<p>L\u00e0 o\u00f9 je veux en venir avec tout cela c&#8217;est qu&#8217;un syst\u00e8me d&#8217;\u00e9ducation d\u00e9ficient a des r\u00e9percussion importante sur la capacit\u00e9 d&#8217;une soci\u00e9t\u00e9 \u00e0 \u00eatre comp\u00e9titive au point de vue \u00e9conomique. Si le syst\u00e8me d&#8217;\u00e9ducation ne fournit pas les outils, la formation pourra difficilement d\u00e9velopper leur utilisation. Ce n,est peut-\u00eatre pas une coincidence que les pays les plus performants du point de vue \u00e9conomique ont souvent les meillleurs syst\u00e8mes d&#8217;\u00e9ducation.<\/p>\n","protected":false},"excerpt":{"rendered":"<p>Je rencontre parfois des personnes qui confondent l&#8217;\u00e9ducation et la formation. Il est vrai que les deux concepts se ressemblent et se rejoignent en certains points, mais ce sont n\u00e9amoins deux choses bien diff\u00e9rentes. L&#8217;\u00e9ducation vise \u00e9galement \u00e0 assurer \u00e0&hellip;<\/p>\n<p class=\"more-link-p\"><a class=\"more-link\" href=\"https:\/\/guyboulet.net\/wp\/?p=194\">Read more &rarr;<\/a><\/p>\n","protected":false},"author":1,"featured_media":0,"comment_status":"open","ping_status":"open","sticky":false,"template":"","format":"standard","meta":{"footnotes":""},"categories":[10],"tags":[],"class_list":["post-194","post","type-post","status-publish","format-standard","hentry","category-c3-monblog"],"_links":{"self":[{"href":"https:\/\/guyboulet.net\/wp\/index.php?rest_route=\/wp\/v2\/posts\/194","targetHints":{"allow":["GET"]}}],"collection":[{"href":"https:\/\/guyboulet.net\/wp\/index.php?rest_route=\/wp\/v2\/posts"}],"about":[{"href":"https:\/\/guyboulet.net\/wp\/index.php?rest_route=\/wp\/v2\/types\/post"}],"author":[{"embeddable":true,"href":"https:\/\/guyboulet.net\/wp\/index.php?rest_route=\/wp\/v2\/users\/1"}],"replies":[{"embeddable":true,"href":"https:\/\/guyboulet.net\/wp\/index.php?rest_route=%2Fwp%2Fv2%2Fcomments&post=194"}],"version-history":[{"count":0,"href":"https:\/\/guyboulet.net\/wp\/index.php?rest_route=\/wp\/v2\/posts\/194\/revisions"}],"wp:attachment":[{"href":"https:\/\/guyboulet.net\/wp\/index.php?rest_route=%2Fwp%2Fv2%2Fmedia&parent=194"}],"wp:term":[{"taxonomy":"category","embeddable":true,"href":"https:\/\/guyboulet.net\/wp\/index.php?rest_route=%2Fwp%2Fv2%2Fcategories&post=194"},{"taxonomy":"post_tag","embeddable":true,"href":"https:\/\/guyboulet.net\/wp\/index.php?rest_route=%2Fwp%2Fv2%2Ftags&post=194"}],"curies":[{"name":"wp","href":"https:\/\/api.w.org\/{rel}","templated":true}]}}