{"id":217,"date":"2012-10-15T11:19:01","date_gmt":"2012-10-15T15:19:01","guid":{"rendered":"http:\/\/guyboulet.net\/wp\/?p=217"},"modified":"2012-10-15T11:19:01","modified_gmt":"2012-10-15T15:19:01","slug":"12-10-15","status":"publish","type":"post","link":"https:\/\/guyboulet.net\/wp\/?p=217","title":{"rendered":"La formation est aussi influenc\u00e9e par l&#8217;\u00e9conomie"},"content":{"rendered":"<p>Dans un <a href=\"http:\/\/www.theatlantic.com\/business\/archive\/2012\/10\/so-what-if-tech-start-ups-are-small-their-job-creation-impact-is-big\/263332\/\" target=\"_blank\">article r\u00e9cent the The Atlantic<\/a>, on peut lire que, selon Elli Sharef, dirigeante de <a href=\"http:\/\/www.hireart.com\/\">HireArt<\/a>, le tendance la plus marquante qu&#8217;elle observe dans le march\u00e9 de l&#8217;emploi technique est que les employeurs cherchent de plus en plus chez les candidats des comp\u00e9tences sp\u00e9cifiques qui correspondent \u00e0 leus besoins. Selon elle, ils ne veulent plus entrainer les nouveaux employ\u00e9s, ils veulent plut\u00f4t des employ\u00e9s d\u00e9j\u00e0 form\u00e9s. Il y aurait,toujours selon Sharef, trop de checheurs d&#8217;emplois pour que les entreprises perdent du temps sur des individus qui ne peuvent commencer \u00e0 travailler sur le champ, sans recevoir aucune formation. Les candidats doivent donc maintenant s&#8217;assurer eux-m\u00eame de d\u00e9velopper les comp\u00e9tences requises.<\/p>\n<p>  <!--more-->  Personnellement, je ne crois pas que ce soit une tendance mais plut\u00f4t une situation. Par exemple, ici \u00e0 Qu\u00e9bec le taux de ch\u00f4mage gravite autour de 6% et plusieurs entreprises recrutent toujours des travailleurs non qualifi\u00e9s et offrent de la formation. J&#8217;ai r\u00e9cemment vu des offres pour des soudeurs, des op\u00e9rateurs de chariot \u00e9l\u00e9vateur, des sauveteurs et d&#8217;autres o\u00f9 l,employeur offrait une formation pay\u00e9e.<\/p>\n<p>\u00c0 mon avis, la situation observ\u00e9e par Sharef est plus une situation conjecturelle r\u00e9sultant d&#8217;un contexte \u00e9conomique o\u00f9 la demande de travail exc\u00e8de l&#8217;offre qu&#8217;une tendance fond\u00e9e sur une nouvelle approche. Seul le futur saura le dire mais je tend \u00e0 croire que si l&#8217;offre (le nombre de ch\u00f4meurs qualifi\u00e9s) diminue et que les employeurs am\u00e9ricains ne peuvent plus trouver aussi facilement des travailleurs qualifi\u00e9s, ils retourneront \u00e0 la pratique d&#8217;offrir de la formation en emploi.<\/p>\n<p>C&#8217;est une simple question d&#8217;offre et de demande.<\/p>\n","protected":false},"excerpt":{"rendered":"<p>Dans un article r\u00e9cent the The Atlantic, on peut lire que, selon Elli Sharef, dirigeante de HireArt, le tendance la plus marquante qu&#8217;elle observe dans le march\u00e9 de l&#8217;emploi technique est que les employeurs cherchent de plus en plus chez&hellip;<\/p>\n<p class=\"more-link-p\"><a class=\"more-link\" href=\"https:\/\/guyboulet.net\/wp\/?p=217\">Read more &rarr;<\/a><\/p>\n","protected":false},"author":1,"featured_media":0,"comment_status":"open","ping_status":"open","sticky":false,"template":"","format":"standard","meta":{"footnotes":""},"categories":[10],"tags":[],"class_list":["post-217","post","type-post","status-publish","format-standard","hentry","category-c3-monblog"],"_links":{"self":[{"href":"https:\/\/guyboulet.net\/wp\/index.php?rest_route=\/wp\/v2\/posts\/217","targetHints":{"allow":["GET"]}}],"collection":[{"href":"https:\/\/guyboulet.net\/wp\/index.php?rest_route=\/wp\/v2\/posts"}],"about":[{"href":"https:\/\/guyboulet.net\/wp\/index.php?rest_route=\/wp\/v2\/types\/post"}],"author":[{"embeddable":true,"href":"https:\/\/guyboulet.net\/wp\/index.php?rest_route=\/wp\/v2\/users\/1"}],"replies":[{"embeddable":true,"href":"https:\/\/guyboulet.net\/wp\/index.php?rest_route=%2Fwp%2Fv2%2Fcomments&post=217"}],"version-history":[{"count":0,"href":"https:\/\/guyboulet.net\/wp\/index.php?rest_route=\/wp\/v2\/posts\/217\/revisions"}],"wp:attachment":[{"href":"https:\/\/guyboulet.net\/wp\/index.php?rest_route=%2Fwp%2Fv2%2Fmedia&parent=217"}],"wp:term":[{"taxonomy":"category","embeddable":true,"href":"https:\/\/guyboulet.net\/wp\/index.php?rest_route=%2Fwp%2Fv2%2Fcategories&post=217"},{"taxonomy":"post_tag","embeddable":true,"href":"https:\/\/guyboulet.net\/wp\/index.php?rest_route=%2Fwp%2Fv2%2Ftags&post=217"}],"curies":[{"name":"wp","href":"https:\/\/api.w.org\/{rel}","templated":true}]}}