{"id":219,"date":"2012-10-24T11:53:48","date_gmt":"2012-10-24T15:53:48","guid":{"rendered":"http:\/\/guyboulet.net\/wp\/?p=219"},"modified":"2012-10-24T11:53:48","modified_gmt":"2012-10-24T15:53:48","slug":"121024","status":"publish","type":"post","link":"https:\/\/guyboulet.net\/wp\/?p=219","title":{"rendered":"L&#8217;Association canadienne des concepteurs p\u00e9dagogiques"},"content":{"rendered":"<p>J&#8217;ai r\u00e9cemment joint l&#8217;Association canadienne des concepteurs p\u00e9dagigiques (ACCP). Cette association, cr\u00e9\u00e9e il y a un peu plus d&#8217;un an, a pour mission de renforcer la capacit\u00e9 d\u2019agir et d\u2019entreprendre des conceptrices et  concepteurs p\u00e9dagogiques en favorisant leur d\u00e9veloppement et en  promouvant la profession dans les diff\u00e9rents milieux o\u00f9 elle est  exerc\u00e9e.<\/p>\n<p>  <!--more-->  Je salue cette initiative qui permet le regroupement des concepteurs p\u00e9dagogique canadiens au sein d&#8217;un r\u00e9seau d&#8217;\u00e9change qui permettra sans aucun doute d&#8217;\u00e9tablir des normes de comp\u00e9tences dans un domaine o\u00f9 plusieurs s&#8217;improvisent experts. Le membership est conditionnel \u00e0 la d\u00e9monstration de connaissances et de comp\u00e9tences du domaine que ce soit par la formation universitaire, l&#8217;exp\u00e9rience en emploi ou une combinaison des deux.<\/p>\n<p>L&#8217;ACCP offre d&#8217;ailleurs un atelier en ligne demain le 25 octobre sous le th\u00e8me &#8220;Travailler en \u00e9quipe&#8221;. Cet atelier est ouvert \u00e0 tous.<\/p>\n<p>J&#8217;invite tous les concepteurs p\u00e9dagogiques canadiens \u00e0 joindre cette association. Plus nous serons, meilleure nous pourrons rendre la profession.<\/p>\n<p>Pour en savoir plus:<\/p>\n<ul>\n<li><a href=\"http:\/\/accp-caid.org\" target=\"_blank\">Association canadienne des concepteurs p\u00e9dagogiques<\/a><\/li>\n<li><a href=\"http:\/\/accp-caid.org\/Activites\/Act_ateliers.php\" target=\"_blank\">Atelier du 25 octobre<\/a><\/li>\n<\/ul>\n<p>\u00a0<\/p>\n","protected":false},"excerpt":{"rendered":"<p>J&#8217;ai r\u00e9cemment joint l&#8217;Association canadienne des concepteurs p\u00e9dagigiques (ACCP). Cette association, cr\u00e9\u00e9e il y a un peu plus d&#8217;un an, a pour mission de renforcer la capacit\u00e9 d\u2019agir et d\u2019entreprendre des conceptrices et concepteurs p\u00e9dagogiques en favorisant leur d\u00e9veloppement et&hellip;<\/p>\n<p class=\"more-link-p\"><a class=\"more-link\" href=\"https:\/\/guyboulet.net\/wp\/?p=219\">Read more &rarr;<\/a><\/p>\n","protected":false},"author":1,"featured_media":0,"comment_status":"open","ping_status":"open","sticky":false,"template":"","format":"standard","meta":{"footnotes":""},"categories":[10],"tags":[],"class_list":["post-219","post","type-post","status-publish","format-standard","hentry","category-c3-monblog"],"_links":{"self":[{"href":"https:\/\/guyboulet.net\/wp\/index.php?rest_route=\/wp\/v2\/posts\/219","targetHints":{"allow":["GET"]}}],"collection":[{"href":"https:\/\/guyboulet.net\/wp\/index.php?rest_route=\/wp\/v2\/posts"}],"about":[{"href":"https:\/\/guyboulet.net\/wp\/index.php?rest_route=\/wp\/v2\/types\/post"}],"author":[{"embeddable":true,"href":"https:\/\/guyboulet.net\/wp\/index.php?rest_route=\/wp\/v2\/users\/1"}],"replies":[{"embeddable":true,"href":"https:\/\/guyboulet.net\/wp\/index.php?rest_route=%2Fwp%2Fv2%2Fcomments&post=219"}],"version-history":[{"count":0,"href":"https:\/\/guyboulet.net\/wp\/index.php?rest_route=\/wp\/v2\/posts\/219\/revisions"}],"wp:attachment":[{"href":"https:\/\/guyboulet.net\/wp\/index.php?rest_route=%2Fwp%2Fv2%2Fmedia&parent=219"}],"wp:term":[{"taxonomy":"category","embeddable":true,"href":"https:\/\/guyboulet.net\/wp\/index.php?rest_route=%2Fwp%2Fv2%2Fcategories&post=219"},{"taxonomy":"post_tag","embeddable":true,"href":"https:\/\/guyboulet.net\/wp\/index.php?rest_route=%2Fwp%2Fv2%2Ftags&post=219"}],"curies":[{"name":"wp","href":"https:\/\/api.w.org\/{rel}","templated":true}]}}