{"id":28,"date":"2007-09-07T05:40:18","date_gmt":"2007-09-07T09:40:18","guid":{"rendered":"http:\/\/guyboulet.net\/wp\/?p=28"},"modified":"2007-09-07T05:40:18","modified_gmt":"2007-09-07T09:40:18","slug":"le-e-learning-age-de-raison","status":"publish","type":"post","link":"https:\/\/guyboulet.net\/wp\/?p=28","title":{"rendered":"Le e-learning \u00e0 l&#8217;\u00e2ge de raison"},"content":{"rendered":"<p>Dans un article intitul\u00e9 <em>&#8220;L&#8217;e-learning atteint l&#8217;\u00e2ge de raison&#8221;<\/em>, \u00c9lisa Mignot explique que <em>&#8220;Les entreprises recourent de plus en plus \u00e0 l&#8217;e-learning. Un temps d\u00e9cri\u00e9e, cette formation \u00e0 distance conna\u00eet aujourd&#8217;hui une seconde jeunesse.&#8221;<\/em><\/p>\n<p>Elle constate cependant que <em>&#8220;Former ses employ\u00e9s n&#8217;est certes pas une nouveaut\u00e9 dans les entreprises, mais le taux d&#8217;acc\u00e8s \u00e0 la formation en France est encore moyen &#8211; environ 39 % -, et elle est souvent r\u00e9serv\u00e9e \u00e0 une partie des salari\u00e9s (cadres et professions interm\u00e9diaires). L&#8217;apprentissage e-learning a les moyens de rendre possible et plus facile l&#8217;acc\u00e8s \u00e0 la formation pour tous les salari\u00e9s.&#8221;<\/em><\/p>\n<p>Elle conclut en affirmat que <em>&#8220;L&#8217;\u00e2ge de raison, oui, le si\u00e8cle des Lumi\u00e8res, pas encore. L&#8217;e-learning ne concerne pour l&#8217;instant qu&#8217;une part minime de la formation en entreprise.&#8221;<\/em><\/p>\n<p>Bien que cet article touche principalement la r\u00e9alit\u00e9 des entreprises fran\u00e7aises, celea semble tout aussi vrai pour les entreprises canadiennes et qu\u00e9b\u00e9coises. <\/p>\n<p>Un article int\u00e9ressant qui remet les pendules \u00e0 l&#8217;heure.<\/p>\n<p>Le texte complet se trouve \u00e0 <a href=\"http:\/\/www.lesechos.fr\/info\/metiers\/4613618.htm\">http:\/\/www.lesechos.fr\/info\/metiers\/4613618.htm<\/a><\/p>\n","protected":false},"excerpt":{"rendered":"<p>Dans un article intitul\u00e9 &#8220;L&#8217;e-learning atteint l&#8217;\u00e2ge de raison&#8221;, \u00c9lisa Mignot explique que &#8220;Les entreprises recourent de plus en plus \u00e0 l&#8217;e-learning. Un temps d\u00e9cri\u00e9e, cette formation \u00e0 distance conna\u00eet aujourd&#8217;hui une seconde jeunesse.&#8221; Elle constate cependant que &#8220;Former ses&hellip;<\/p>\n<p class=\"more-link-p\"><a class=\"more-link\" href=\"https:\/\/guyboulet.net\/wp\/?p=28\">Read more &rarr;<\/a><\/p>\n","protected":false},"author":1,"featured_media":0,"comment_status":"open","ping_status":"open","sticky":false,"template":"","format":"standard","meta":{"footnotes":""},"categories":[10],"tags":[],"class_list":["post-28","post","type-post","status-publish","format-standard","hentry","category-c3-monblog"],"_links":{"self":[{"href":"https:\/\/guyboulet.net\/wp\/index.php?rest_route=\/wp\/v2\/posts\/28","targetHints":{"allow":["GET"]}}],"collection":[{"href":"https:\/\/guyboulet.net\/wp\/index.php?rest_route=\/wp\/v2\/posts"}],"about":[{"href":"https:\/\/guyboulet.net\/wp\/index.php?rest_route=\/wp\/v2\/types\/post"}],"author":[{"embeddable":true,"href":"https:\/\/guyboulet.net\/wp\/index.php?rest_route=\/wp\/v2\/users\/1"}],"replies":[{"embeddable":true,"href":"https:\/\/guyboulet.net\/wp\/index.php?rest_route=%2Fwp%2Fv2%2Fcomments&post=28"}],"version-history":[{"count":0,"href":"https:\/\/guyboulet.net\/wp\/index.php?rest_route=\/wp\/v2\/posts\/28\/revisions"}],"wp:attachment":[{"href":"https:\/\/guyboulet.net\/wp\/index.php?rest_route=%2Fwp%2Fv2%2Fmedia&parent=28"}],"wp:term":[{"taxonomy":"category","embeddable":true,"href":"https:\/\/guyboulet.net\/wp\/index.php?rest_route=%2Fwp%2Fv2%2Fcategories&post=28"},{"taxonomy":"post_tag","embeddable":true,"href":"https:\/\/guyboulet.net\/wp\/index.php?rest_route=%2Fwp%2Fv2%2Ftags&post=28"}],"curies":[{"name":"wp","href":"https:\/\/api.w.org\/{rel}","templated":true}]}}